{"id":682,"__str__":"Lei Ordin\u00e1ria-SLEG n\u00ba 4.690, de 22 de outubro de 2025","link_detail_backend":"/norma/682","metadata":{"signs":{"texto_integral":{}}},"texto_integral":"http://sapl.rolimdemoura.ro.leg.br/media/sapl/public/normajuridica/2025/682/lei_4690-2025_publicada.pdf","numero":"4690","ano":2025,"esfera_federacao":"M","data":"2025-10-22","data_publicacao":"2025-10-22","veiculo_publicacao":"","pagina_inicio_publicacao":null,"pagina_fim_publicacao":null,"ementa":"\u201cAutoriza a abertura de cr\u00e9dito adicional especial por excesso de arrecada\u00e7\u00e3o de recursos vinculados a receita no valor de R$309.000,00\u201d.","indexacao":"Art. 1\u00ba Fica autorizada a abertura de cr\u00e9dito adicional especial por\r\nexcesso de arrecada\u00e7\u00e3o de recursos vinculados a receita na import\u00e2ncia de\r\nR$309.000,00 (TREZENTOS E NOVE MIL REAIS), conforme abaixo indicado:\r\n05.011 \u2013 SECRETARIA MUNICIPAL DE SA\u00daDE\r\n05.011.10.301.0016.1236 \u2013 Incentivo Financeiro da APS \u2013 Equipes\r\nMultiprofissionais - EMULTI\r\n33.90.30.00 \u2013 Material de Consumo...............................................R$309.000,00\r\nSub-Total................................................................................R$309.000,00\r\nArt. 2\u00ba Os recursos or\u00e7ament\u00e1rios necess\u00e1rios para dar cobertura ao\r\ncr\u00e9dito aberto no artigo anterior, ser\u00e3o provenientes do que trata o Artigo 43, \u00a7 1\u00ba,\r\ninciso II, da Lei n\u00ba 4.320/64, atrav\u00e9s da celebra\u00e7\u00e3o de conv\u00eanio, conforme abaixo\r\ndescriminado:\r\nMINIST\u00c9RIO DA SA\u00daDE\r\nCUSTEIO EQUIPES MULTIPROFISSIONAIS \u2013 EMULTI NO \u00c2MBITO\r\nDAATEN\u00c7\u00c3O PRIM\u00c1RIA A SA\u00daDE - APS\r\nVALOR R$309.000,00\r\nArt. 3\u00ba Esta Lei entrar\u00e1 em vigor na data de sua publica\u00e7\u00e3o.","observacao":"","complemento":false,"data_vigencia":null,"timestamp":"2025-11-25T13:53:49.131208-03:00","data_ultima_atualizacao":"2025-11-25T13:53:49.139031-03:00","ip":"45.187.183.93","ultima_edicao":"2025-11-25T13:53:49.015013-03:00","tipo":3,"materia":988,"orgao":5,"user":28,"assuntos":[2],"autores":[]}