{"id":1669,"__str__":"Proposta de Emenda n\u00ba 5 de 2026","link_detail_backend":"/materia/1669","metadata":{"signs":{"texto_original":{"admin":[],"autores":[["Rosa Janete Carneiro Lins",["2026-03-27T10:11:42-04:00","ICP-Brasil - Certificado PF A3"]]]}}},"numero":5,"ano":2026,"numero_protocolo":371,"data_apresentacao":"2026-03-27","tipo_apresentacao":"E","data_publicacao":null,"numero_origem_externa":"","ano_origem_externa":null,"data_origem_externa":null,"apelido":"","dias_prazo":null,"data_fim_prazo":null,"em_tramitacao":false,"polemica":false,"objeto":"","complementar":false,"ementa":"disp\u00f5e sobre a \u201cInclui no Calend\u00e1rio Oficial do Munic\u00edpio de Rolim de Moura o m\u00eas dedicado \u00e0 conscientiza\u00e7\u00e3o sobre os perigos das queimadas.\u201d.","indexacao":"","observacao":"","resultado":"","texto_original":"http://sapl.rolimdemoura.ro.leg.br/media/sapl/public/materialegislativa/2026/1669/emenda_supressiva_-_projeto_de_lei_27.2026-_ass.pdf","data_ultima_atualizacao":"2026-04-06T10:41:25.389640-03:00","ip":"45.187.183.93","ultima_edicao":"2026-03-27T11:43:30.372593-03:00","tipo":9,"regime_tramitacao":3,"tipo_origem_externa":null,"local_origem_externa":null,"user":21,"anexadas":[],"autores":[40]}